{"id":719,"date":"2026-09-02T19:36:17","date_gmt":"2026-09-02T19:36:17","guid":{"rendered":"https:\/\/www.mireiamarti.es\/?p=719"},"modified":"2026-09-02T19:38:50","modified_gmt":"2026-09-02T19:38:50","slug":"mis-hormonas-y-yo","status":"publish","type":"post","link":"https:\/\/www.mireiamarti.es\/index.php\/2026\/09\/02\/mis-hormonas-y-yo\/","title":{"rendered":"Mis hormonas y yo"},"content":{"rendered":"\n<hr class=\"wp-block-separator has-alpha-channel-opacity\"\/>\n\n\n\n<p class=\"wp-block-paragraph\">El ciclo menstrual y la mente est\u00e1n conectados por las hormonas. Estas hormonas hacen que el cuerpo y el estado emocional sean cambiantes durante todo el ciclo. Post menstruaci\u00f3n tambi\u00e9n est\u00e1n modulando pero de forma m\u00e1s serena, no tan c\u00edclica. <\/p>\n\n\n\n<p class=\"wp-block-paragraph\">Hablaremos del ciclo menstrual:<\/p>\n\n\n\n<p class=\"wp-block-paragraph\">Cuando entramos en la primera fase, la preovulaci\u00f3n, nos encontramos m\u00e1s activas, extrovertidas, con muchas ganas de hacer cosas. En la fase ovulatoria estamos m\u00e1s receptivas a conversaciones, a nuevas ideas y a las personas. En la fase post ovulaci\u00f3n estamos m\u00e1s introvertidas y reflexivas. <\/p>\n\n\n\n<p class=\"wp-block-paragraph\">Hasta hace 5000 a\u00f1os, el cuerpo femenino y el ciclo menstrual se consideraban sagrados, posteriormente lo sagrado se convirti\u00f3 en tab\u00fa y durante generaciones se nos ha ense\u00f1ado que menstruar y ser c\u00edclicas est\u00e1 mal, que es una debilidad, pero actualmente esto se est\u00e1 revirtiendo ya que entendemos que no es ninguna debilidad, sino una fortaleza y una forma de conectarnos con nuestra sabidur\u00eda interna. <\/p>\n\n\n\n<p class=\"wp-block-paragraph\">Desde el <strong>inicio de la menstruaci\u00f3n <\/strong>hasta la <strong>ovulaci\u00f3n<\/strong> maduramos un \u00f3vulo, es como si nos estuvi\u00e9ramos preparando para dar nacimiento a algo (una persona o una idea). Est\u00e1s focalizada en el mundo exterior, en la expresi\u00f3n, tienes nuevas ideas, te notas extrovertida y animada. <\/p>\n\n\n\n<p class=\"wp-block-paragraph\">En la <strong>ovulaci\u00f3n <\/strong>estamos receptivas a nuevas ideas, personas y proyectos. Hay un aumento de la actividad del hemisferio izquierdo por lo que aumenta la fluidez verbal y disminuye la actividad del hemisferio derecho que es la actividad viso-espacial. La fase ovulatoria es la creatividad en su estado m\u00e1ximo. <\/p>\n\n\n\n<p class=\"wp-block-paragraph\"><strong>Fase premenstrual<\/strong>. Aqu\u00ed es d\u00f3nde viene el mambo con toda la informaci\u00f3n de las fases anteriores. Es momento de evaluaci\u00f3n y reflexi\u00f3n, donde contemplamos qu\u00e9 se ha creado, los aspectos dif\u00edciles de nuestra vida, que necesitamos cambiar o modificar. Nos va a interesar m\u00e1s las tareas rutinarias que no requieran de pensamiento expansivo.  Mengua la energ\u00eda y debemos respetarnos en esta disminuci\u00f3n natural. <\/p>\n\n\n\n<p class=\"wp-block-paragraph\">Durante la <strong>menstruaci\u00f3n<\/strong> estamos en la fase de limpieza. Es normal si sentimos ganas de ordenar y limpiar nuestro entorno. C\u00f3mo es adentro es afuera. Aumenta la actividad del hemisferio derecho, aumenta la visi\u00f3n espacial y nuestra intuici\u00f3n. En cambio disminuye la comunicaci\u00f3n. <\/p>\n\n\n\n<p class=\"wp-block-paragraph\">Por eso tu ciclo menstrual no es una enfermedad es una <strong>gu\u00eda.<\/strong> Si quieres aprender a leer esta gu\u00eda interna y volver a conectar te dejo un enlace a un mini-cuaderno de ejercicios de reflexi\u00f3n sobre tu ciclo para que puedas imprimirlo, rellenarlo y construirte tu <a href=\"https:\/\/drive.google.com\/file\/d\/1VCMvGLpYOp1GHN_QeNXTC1Af6xhb6KC7\/view?usp=sharing\">mapa.<\/a><\/p>\n\n\n\n<p class=\"wp-block-paragraph\">Un abrazo<\/p>\n\n\n\n<p class=\"wp-block-paragraph\">Mireia <\/p>\n\n\n\n<hr class=\"wp-block-separator has-alpha-channel-opacity\"\/>\n\n\n\n<p class=\"wp-block-paragraph\"><\/p>\n","protected":false},"excerpt":{"rendered":"<p>El ciclo menstrual y la mente est\u00e1n conectados por las hormonas. Estas hormonas hacen que el cuerpo y el estado emocional sean cambiantes durante todo el ciclo. Post menstruaci\u00f3n tambi\u00e9n est\u00e1n modulando pero de forma m\u00e1s serena, no tan c\u00edclica. Hablaremos del ciclo menstrual: Cuando entramos en la primera fase, la preovulaci\u00f3n, nos encontramos m\u00e1s [&hellip;]<\/p>\n","protected":false},"author":1,"featured_media":0,"comment_status":"open","ping_status":"closed","sticky":false,"template":"","format":"standard","meta":{"_jetpack_newsletter_access":"","_jetpack_dont_email_post_to_subs":false,"_jetpack_newsletter_tier_id":0,"_jetpack_memberships_contains_paywalled_content":false,"_jetpack_feature_clip_id":0,"_jetpack_memberships_contains_paid_content":false,"footnotes":"","jetpack_post_was_ever_published":false},"categories":[1],"tags":[],"class_list":["post-719","post","type-post","status-publish","format-standard","hentry","category-uncategorized"],"yoast_head":"<!-- This site is optimized with the Yoast SEO plugin v28.2 - https:\/\/yoast.com\/product\/yoast-seo-wordpress\/ -->\n<title>Mis hormonas y yo - Mireia Mart&iacute; Vidal<\/title>\n<meta name=\"robots\" content=\"index, follow, max-snippet:-1, max-image-preview:large, max-video-preview:-1\" \/>\n<link rel=\"canonical\" href=\"https:\/\/www.mireiamarti.es\/index.php\/2026\/09\/02\/mis-hormonas-y-yo\/\" \/>\n<meta property=\"og:locale\" content=\"es_ES\" \/>\n<meta property=\"og:type\" content=\"article\" \/>\n<meta property=\"og:title\" content=\"Mis hormonas y yo - Mireia Mart&iacute; Vidal\" \/>\n<meta property=\"og:description\" content=\"El ciclo menstrual y la mente est\u00e1n conectados por las hormonas. Estas hormonas hacen que el cuerpo y el estado emocional sean cambiantes durante todo el ciclo. Post menstruaci\u00f3n tambi\u00e9n est\u00e1n modulando pero de forma m\u00e1s serena, no tan c\u00edclica. Hablaremos del ciclo menstrual: Cuando entramos en la primera fase, la preovulaci\u00f3n, nos encontramos m\u00e1s [&hellip;]\" \/>\n<meta property=\"og:url\" content=\"https:\/\/www.mireiamarti.es\/index.php\/2026\/09\/02\/mis-hormonas-y-yo\/\" \/>\n<meta property=\"og:site_name\" content=\"Mireia Mart&iacute; Vidal\" \/>\n<meta property=\"article:published_time\" content=\"2026-09-02T19:36:17+00:00\" \/>\n<meta property=\"article:modified_time\" content=\"2026-09-02T19:38:50+00:00\" \/>\n<meta name=\"author\" content=\"Mireia\" \/>\n<meta name=\"twitter:card\" content=\"summary_large_image\" \/>\n<meta name=\"twitter:label1\" content=\"Escrito por\" \/>\n\t<meta name=\"twitter:data1\" content=\"Mireia\" \/>\n\t<meta name=\"twitter:label2\" content=\"Tiempo de lectura\" \/>\n\t<meta name=\"twitter:data2\" content=\"2 minutos\" \/>\n<script type=\"application\/ld+json\" class=\"yoast-schema-graph\">{\"@context\":\"https:\\\/\\\/schema.org\",\"@graph\":[{\"@type\":\"Article\",\"@id\":\"https:\\\/\\\/www.mireiamarti.es\\\/index.php\\\/2026\\\/09\\\/02\\\/mis-hormonas-y-yo\\\/#article\",\"isPartOf\":{\"@id\":\"https:\\\/\\\/www.mireiamarti.es\\\/index.php\\\/2026\\\/09\\\/02\\\/mis-hormonas-y-yo\\\/\"},\"author\":{\"name\":\"Mireia\",\"@id\":\"https:\\\/\\\/www.mireiamarti.es\\\/#\\\/schema\\\/person\\\/19bd91762ea5dd9f1012ea598de3958a\"},\"headline\":\"Mis hormonas y yo\",\"datePublished\":\"2026-09-02T19:36:17+00:00\",\"dateModified\":\"2026-09-02T19:38:50+00:00\",\"mainEntityOfPage\":{\"@id\":\"https:\\\/\\\/www.mireiamarti.es\\\/index.php\\\/2026\\\/09\\\/02\\\/mis-hormonas-y-yo\\\/\"},\"wordCount\":445,\"commentCount\":0,\"publisher\":{\"@id\":\"https:\\\/\\\/www.mireiamarti.es\\\/#organization\"},\"articleSection\":[\"Uncategorized\"],\"inLanguage\":\"es\",\"potentialAction\":[{\"@type\":\"CommentAction\",\"name\":\"Comment\",\"target\":[\"https:\\\/\\\/www.mireiamarti.es\\\/index.php\\\/2026\\\/09\\\/02\\\/mis-hormonas-y-yo\\\/#respond\"]}]},{\"@type\":\"WebPage\",\"@id\":\"https:\\\/\\\/www.mireiamarti.es\\\/index.php\\\/2026\\\/09\\\/02\\\/mis-hormonas-y-yo\\\/\",\"url\":\"https:\\\/\\\/www.mireiamarti.es\\\/index.php\\\/2026\\\/09\\\/02\\\/mis-hormonas-y-yo\\\/\",\"name\":\"Mis hormonas y yo - Mireia Mart&iacute; Vidal\",\"isPartOf\":{\"@id\":\"https:\\\/\\\/www.mireiamarti.es\\\/#website\"},\"datePublished\":\"2026-09-02T19:36:17+00:00\",\"dateModified\":\"2026-09-02T19:38:50+00:00\",\"breadcrumb\":{\"@id\":\"https:\\\/\\\/www.mireiamarti.es\\\/index.php\\\/2026\\\/09\\\/02\\\/mis-hormonas-y-yo\\\/#breadcrumb\"},\"inLanguage\":\"es\",\"potentialAction\":[{\"@type\":\"ReadAction\",\"target\":[\"https:\\\/\\\/www.mireiamarti.es\\\/index.php\\\/2026\\\/09\\\/02\\\/mis-hormonas-y-yo\\\/\"]}]},{\"@type\":\"BreadcrumbList\",\"@id\":\"https:\\\/\\\/www.mireiamarti.es\\\/index.php\\\/2026\\\/09\\\/02\\\/mis-hormonas-y-yo\\\/#breadcrumb\",\"itemListElement\":[{\"@type\":\"ListItem\",\"position\":1,\"name\":\"Portada\",\"item\":\"https:\\\/\\\/www.mireiamarti.es\\\/\"},{\"@type\":\"ListItem\",\"position\":2,\"name\":\"Mis hormonas y yo\"}]},{\"@type\":\"WebSite\",\"@id\":\"https:\\\/\\\/www.mireiamarti.es\\\/#website\",\"url\":\"https:\\\/\\\/www.mireiamarti.es\\\/\",\"name\":\"Mireia Mart&iacute; Vidal\",\"description\":\"Acompa&ntilde;amiento emocional y nutricional\",\"publisher\":{\"@id\":\"https:\\\/\\\/www.mireiamarti.es\\\/#organization\"},\"potentialAction\":[{\"@type\":\"SearchAction\",\"target\":{\"@type\":\"EntryPoint\",\"urlTemplate\":\"https:\\\/\\\/www.mireiamarti.es\\\/?s={search_term_string}\"},\"query-input\":{\"@type\":\"PropertyValueSpecification\",\"valueRequired\":true,\"valueName\":\"search_term_string\"}}],\"inLanguage\":\"es\"},{\"@type\":\"Organization\",\"@id\":\"https:\\\/\\\/www.mireiamarti.es\\\/#organization\",\"name\":\"Mireia Mart&iacute; Vidal\",\"url\":\"https:\\\/\\\/www.mireiamarti.es\\\/\",\"logo\":{\"@type\":\"ImageObject\",\"inLanguage\":\"es\",\"@id\":\"https:\\\/\\\/www.mireiamarti.es\\\/#\\\/schema\\\/logo\\\/image\\\/\",\"url\":\"https:\\\/\\\/www.mireiamarti.es\\\/wp-content\\\/uploads\\\/2022\\\/10\\\/Mireia-Marti\u0301-Vidal-edited-1.png\",\"contentUrl\":\"https:\\\/\\\/www.mireiamarti.es\\\/wp-content\\\/uploads\\\/2022\\\/10\\\/Mireia-Marti\u0301-Vidal-edited-1.png\",\"width\":451,\"height\":281,\"caption\":\"Mireia Mart&iacute; Vidal\"},\"image\":{\"@id\":\"https:\\\/\\\/www.mireiamarti.es\\\/#\\\/schema\\\/logo\\\/image\\\/\"}},{\"@type\":\"Person\",\"@id\":\"https:\\\/\\\/www.mireiamarti.es\\\/#\\\/schema\\\/person\\\/19bd91762ea5dd9f1012ea598de3958a\",\"name\":\"Mireia\",\"image\":{\"@type\":\"ImageObject\",\"inLanguage\":\"es\",\"@id\":\"https:\\\/\\\/secure.gravatar.com\\\/avatar\\\/1c300378a873d9b0a6e27950126eb842f78e14b10d591e7f0e0ba61df9d01103?s=96&d=mm&r=g\",\"url\":\"https:\\\/\\\/secure.gravatar.com\\\/avatar\\\/1c300378a873d9b0a6e27950126eb842f78e14b10d591e7f0e0ba61df9d01103?s=96&d=mm&r=g\",\"contentUrl\":\"https:\\\/\\\/secure.gravatar.com\\\/avatar\\\/1c300378a873d9b0a6e27950126eb842f78e14b10d591e7f0e0ba61df9d01103?s=96&d=mm&r=g\",\"caption\":\"Mireia\"},\"sameAs\":[\"https:\\\/\\\/www.mireiamarti.es\"],\"url\":\"https:\\\/\\\/www.mireiamarti.es\\\/index.php\\\/author\\\/admin\\\/\"}]}<\/script>\n<!-- \/ Yoast SEO plugin. -->","yoast_head_json":{"title":"Mis hormonas y yo - Mireia Mart&iacute; Vidal","robots":{"index":"index","follow":"follow","max-snippet":"max-snippet:-1","max-image-preview":"max-image-preview:large","max-video-preview":"max-video-preview:-1"},"canonical":"https:\/\/www.mireiamarti.es\/index.php\/2026\/09\/02\/mis-hormonas-y-yo\/","og_locale":"es_ES","og_type":"article","og_title":"Mis hormonas y yo - Mireia Mart&iacute; Vidal","og_description":"El ciclo menstrual y la mente est\u00e1n conectados por las hormonas. Estas hormonas hacen que el cuerpo y el estado emocional sean cambiantes durante todo el ciclo. Post menstruaci\u00f3n tambi\u00e9n est\u00e1n modulando pero de forma m\u00e1s serena, no tan c\u00edclica. Hablaremos del ciclo menstrual: Cuando entramos en la primera fase, la preovulaci\u00f3n, nos encontramos m\u00e1s [&hellip;]","og_url":"https:\/\/www.mireiamarti.es\/index.php\/2026\/09\/02\/mis-hormonas-y-yo\/","og_site_name":"Mireia Mart&iacute; Vidal","article_published_time":"2026-09-02T19:36:17+00:00","article_modified_time":"2026-09-02T19:38:50+00:00","author":"Mireia","twitter_card":"summary_large_image","twitter_misc":{"Escrito por":"Mireia","Tiempo de lectura":"2 minutos"},"schema":{"@context":"https:\/\/schema.org","@graph":[{"@type":"Article","@id":"https:\/\/www.mireiamarti.es\/index.php\/2026\/09\/02\/mis-hormonas-y-yo\/#article","isPartOf":{"@id":"https:\/\/www.mireiamarti.es\/index.php\/2026\/09\/02\/mis-hormonas-y-yo\/"},"author":{"name":"Mireia","@id":"https:\/\/www.mireiamarti.es\/#\/schema\/person\/19bd91762ea5dd9f1012ea598de3958a"},"headline":"Mis hormonas y yo","datePublished":"2026-09-02T19:36:17+00:00","dateModified":"2026-09-02T19:38:50+00:00","mainEntityOfPage":{"@id":"https:\/\/www.mireiamarti.es\/index.php\/2026\/09\/02\/mis-hormonas-y-yo\/"},"wordCount":445,"commentCount":0,"publisher":{"@id":"https:\/\/www.mireiamarti.es\/#organization"},"articleSection":["Uncategorized"],"inLanguage":"es","potentialAction":[{"@type":"CommentAction","name":"Comment","target":["https:\/\/www.mireiamarti.es\/index.php\/2026\/09\/02\/mis-hormonas-y-yo\/#respond"]}]},{"@type":"WebPage","@id":"https:\/\/www.mireiamarti.es\/index.php\/2026\/09\/02\/mis-hormonas-y-yo\/","url":"https:\/\/www.mireiamarti.es\/index.php\/2026\/09\/02\/mis-hormonas-y-yo\/","name":"Mis hormonas y yo - Mireia Mart&iacute; Vidal","isPartOf":{"@id":"https:\/\/www.mireiamarti.es\/#website"},"datePublished":"2026-09-02T19:36:17+00:00","dateModified":"2026-09-02T19:38:50+00:00","breadcrumb":{"@id":"https:\/\/www.mireiamarti.es\/index.php\/2026\/09\/02\/mis-hormonas-y-yo\/#breadcrumb"},"inLanguage":"es","potentialAction":[{"@type":"ReadAction","target":["https:\/\/www.mireiamarti.es\/index.php\/2026\/09\/02\/mis-hormonas-y-yo\/"]}]},{"@type":"BreadcrumbList","@id":"https:\/\/www.mireiamarti.es\/index.php\/2026\/09\/02\/mis-hormonas-y-yo\/#breadcrumb","itemListElement":[{"@type":"ListItem","position":1,"name":"Portada","item":"https:\/\/www.mireiamarti.es\/"},{"@type":"ListItem","position":2,"name":"Mis hormonas y yo"}]},{"@type":"WebSite","@id":"https:\/\/www.mireiamarti.es\/#website","url":"https:\/\/www.mireiamarti.es\/","name":"Mireia Mart&iacute; Vidal","description":"Acompa&ntilde;amiento emocional y nutricional","publisher":{"@id":"https:\/\/www.mireiamarti.es\/#organization"},"potentialAction":[{"@type":"SearchAction","target":{"@type":"EntryPoint","urlTemplate":"https:\/\/www.mireiamarti.es\/?s={search_term_string}"},"query-input":{"@type":"PropertyValueSpecification","valueRequired":true,"valueName":"search_term_string"}}],"inLanguage":"es"},{"@type":"Organization","@id":"https:\/\/www.mireiamarti.es\/#organization","name":"Mireia Mart&iacute; Vidal","url":"https:\/\/www.mireiamarti.es\/","logo":{"@type":"ImageObject","inLanguage":"es","@id":"https:\/\/www.mireiamarti.es\/#\/schema\/logo\/image\/","url":"https:\/\/www.mireiamarti.es\/wp-content\/uploads\/2022\/10\/Mireia-Marti\u0301-Vidal-edited-1.png","contentUrl":"https:\/\/www.mireiamarti.es\/wp-content\/uploads\/2022\/10\/Mireia-Marti\u0301-Vidal-edited-1.png","width":451,"height":281,"caption":"Mireia Mart&iacute; Vidal"},"image":{"@id":"https:\/\/www.mireiamarti.es\/#\/schema\/logo\/image\/"}},{"@type":"Person","@id":"https:\/\/www.mireiamarti.es\/#\/schema\/person\/19bd91762ea5dd9f1012ea598de3958a","name":"Mireia","image":{"@type":"ImageObject","inLanguage":"es","@id":"https:\/\/secure.gravatar.com\/avatar\/1c300378a873d9b0a6e27950126eb842f78e14b10d591e7f0e0ba61df9d01103?s=96&d=mm&r=g","url":"https:\/\/secure.gravatar.com\/avatar\/1c300378a873d9b0a6e27950126eb842f78e14b10d591e7f0e0ba61df9d01103?s=96&d=mm&r=g","contentUrl":"https:\/\/secure.gravatar.com\/avatar\/1c300378a873d9b0a6e27950126eb842f78e14b10d591e7f0e0ba61df9d01103?s=96&d=mm&r=g","caption":"Mireia"},"sameAs":["https:\/\/www.mireiamarti.es"],"url":"https:\/\/www.mireiamarti.es\/index.php\/author\/admin\/"}]}},"jetpack_sharing_enabled":true,"jetpack_featured_media_url":"","_links":{"self":[{"href":"https:\/\/www.mireiamarti.es\/index.php\/wp-json\/wp\/v2\/posts\/719","targetHints":{"allow":["GET"]}}],"collection":[{"href":"https:\/\/www.mireiamarti.es\/index.php\/wp-json\/wp\/v2\/posts"}],"about":[{"href":"https:\/\/www.mireiamarti.es\/index.php\/wp-json\/wp\/v2\/types\/post"}],"author":[{"embeddable":true,"href":"https:\/\/www.mireiamarti.es\/index.php\/wp-json\/wp\/v2\/users\/1"}],"replies":[{"embeddable":true,"href":"https:\/\/www.mireiamarti.es\/index.php\/wp-json\/wp\/v2\/comments?post=719"}],"version-history":[{"count":1,"href":"https:\/\/www.mireiamarti.es\/index.php\/wp-json\/wp\/v2\/posts\/719\/revisions"}],"predecessor-version":[{"id":720,"href":"https:\/\/www.mireiamarti.es\/index.php\/wp-json\/wp\/v2\/posts\/719\/revisions\/720"}],"wp:attachment":[{"href":"https:\/\/www.mireiamarti.es\/index.php\/wp-json\/wp\/v2\/media?parent=719"}],"wp:term":[{"taxonomy":"category","embeddable":true,"href":"https:\/\/www.mireiamarti.es\/index.php\/wp-json\/wp\/v2\/categories?post=719"},{"taxonomy":"post_tag","embeddable":true,"href":"https:\/\/www.mireiamarti.es\/index.php\/wp-json\/wp\/v2\/tags?post=719"}],"curies":[{"name":"wp","href":"https:\/\/api.w.org\/{rel}","templated":true}]}}